{"id":8866,"date":"2026-04-09T21:20:00","date_gmt":"2026-04-09T21:20:00","guid":{"rendered":"https:\/\/thecreditsfuture.com\/88e494d7-075b-427e-a458-c6265f774c4b\/"},"modified":"2026-04-09T21:20:50","modified_gmt":"2026-04-09T21:20:50","slug":"88e494d7-075b-427e-a458-c6265f774c4b","status":"publish","type":"post","link":"https:\/\/thecreditsfuture.com\/en\/88e494d7-075b-427e-a458-c6265f774c4b\/","title":{"rendered":"Charg\u00e9(e) de projet \u00e0 l\u2019ONE : gestion, coordination et impact positif"},"content":{"rendered":"<\/p>\n<\/p>\n<div style=\"background: #ffffff; border-radius: 12px; box-shadow: 0 10px 30px rgba(0, 0, 0, 0.1); width: 100%; max-width: 340px; padding: 25px; transition: transform 0.3s ease-in-out; overflow: visible; display: flex; flex-direction: column; position: relative; border: 1px solid #28a745; margin-top: 70px; margin-bottom: 50px; margin-left: auto; margin-right: auto;\">\n<div style=\"position: absolute; top: -35px; right: 15px; color: #28a745; padding: 5px 10px; border-radius: 6px; font-size: 14px; font-weight: bold; display: flex; align-items: center; z-index: 10;\">Recommended for you<\/div>\n<div data-namespace-header=\"\" style=\"\">\n<h3 data-namespace-title=\"\" style=\"color: #333; font-size: 20px; font-weight: bold; text-align: left; margin-right: 50px; min-height: 50px; margin-top: 0px;\">Charg\u00e9(e) de projet<\/h3>\n<\/p><\/div>\n<p data-namespace-prompt=\"\" style=\"font-size: 16px; color: #666; margin-bottom: 20px; line-height: 1.5; flex-grow: 1; text-align: left; margin-top: 0px;\">Participez activement \u00e0 la gestion de projets vari\u00e9s au sein de l\u2019ONE, dans un environnement professionnel dynamique, valorisant votre exp\u00e9rience et vos comp\u00e9tences en pilotage transversal.<\/p>\n<p>    <a data-namespace-url=\"\" href=\"https:\/\/thecreditsfuture.com\/en\/redirect\/?https:\/\/pro.guidesocial.be\/jobs\/chargee-projet-saint-gilles.96990.html?utm_campaign=google_jobs_apply&#038;utm_source=google_jobs_apply&#038;utm_medium=organic\" style=\"width: 100%; display: inline-block; color: white; text-decoration: none; border-radius: 6px; font-size: 16px; font-weight: bold; text-align: center; transition: transform 0.3s ease, background 0.3s ease; margin-top: auto;\" data-namespace-id=\"5c0d2565-3ba9-4280-a382-ad2a691e2285\"><br \/>\n        <button style=\"width: 100%; height: 55px; background: #e9e9ed; border: 1px solid black; color: black;\">Postuler \u00e0 l&#039;offre<\/button><br \/>\n    <\/a><br \/>\n    <small style=\"margin-top: 10px; color: #777; font-size: 12px; text-align: center; display: block;\">You will be redirected to another site<\/small>\n<\/div>\n<p>L\u2019offre de Charg\u00e9(e) de projet \u00e0 l\u2019ONE attire l\u2019attention gr\u00e2ce \u00e0 une proposition de contrat \u00e0 dur\u00e9e d\u00e9termin\u00e9e et \u00e0 temps plein. Le poste requiert un dipl\u00f4me universitaire de deuxi\u00e8me cycle et au minimum cinq ans d\u2019exp\u00e9rience en gestion de projet, ce qui garantit la reconnaissance de votre expertise et un environnement \u00e0 la hauteur de vos ambitions.<\/p>\n<h2>Vos responsabilit\u00e9s au quotidien<\/h2>\n<p>G\u00e9rer, coordonner et suivre activement divers projets de l\u2019Office de la Naissance et de l\u2019Enfance.<br \/>\nFavoriser la coop\u00e9ration entre les diff\u00e9rentes \u00e9quipes internes et externes pour garantir la r\u00e9ussite des projets.<br \/>\nParticiper \u00e0 l\u2019\u00e9laboration et au suivi de dossiers transversaux, tout en cr\u00e9ant des outils de pilotage performants.<br \/>\nAccompagner les \u00e9volutions organisationnelles, soutenir la communication strat\u00e9gique et assurer le relais d\u2019information cl\u00e9.<br \/>\nPrendre part \u00e0 la planification, au reporting ainsi qu\u2019\u00e0 l\u2019accompagnement au changement pour une conduite de projets efficiente.<\/p>\n<h2>Principaux avantages du poste<\/h2>\n<p>Vous rejoignez une structure reconnue, engag\u00e9e dans des missions valorisantes et ax\u00e9es sur le bien-\u00eatre de l\u2019enfance.<br \/>\nL\u2019environnement est collaboratif, avec des \u00e9changes stimulants et de r\u00e9elles opportunit\u00e9s de contribuer \u00e0 des changements positifs.<br \/>\nLe poste s\u2019adresse aux professionnels autonomes, rigoureux, ayant une approche structur\u00e9e et dynamique.<br \/>\nVos comp\u00e9tences en gestion de projet et votre exp\u00e9rience sont v\u00e9ritablement mises en valeur.<br \/>\nL\u2019acc\u00e8s \u00e0 des outils modernes et \u00e0 des m\u00e9thodes \u00e9prouv\u00e9es favorise le d\u00e9veloppement de vos talents et l\u2019excellence op\u00e9rationnelle.<\/p>\n<h2>Quelques inconv\u00e9nients \u00e0 consid\u00e9rer<\/h2>\n<p>Les exigences du poste impliquent une flexibilit\u00e9 certaine, avec parfois des d\u00e9placements ou des horaires d\u00e9cal\u00e9s.<br \/>\nLa charge de travail peut fluctuer selon les phases des projets, ce qui demande une gestion du stress ma\u00eetris\u00e9e.<br \/>\nLe secteur public implique de s\u2019adapter \u00e0 des proc\u00e9dures parfois longues et \u00e0 des validations multiples.<br \/>\nLa fonction requiert une excellente autonomie, pouvant parfois g\u00e9n\u00e9rer un sentiment d\u2019isolement dans les moments cl\u00e9s.<br \/>\nN\u00e9cessit\u00e9 de ma\u00eetriser parfaitement la suite bureautique et les outils informatiques li\u00e9s au pilotage de projet.<\/p>\n<h2>Notre verdict<\/h2>\n<p>Le poste de Charg\u00e9(e) de projet \u00e0 l\u2019ONE s\u2019adresse aux experts passionn\u00e9s par le d\u00e9veloppement du secteur associatif et la gestion transversale. C\u2019est une belle opportunit\u00e9 pour celles et ceux qui d\u00e9sirent s\u2019impliquer dans des missions d\u2019int\u00e9r\u00eat collectif, tout en d\u00e9veloppant leur carri\u00e8re et en ayant un r\u00e9el impact sur le quotidien des \u00e9quipes et b\u00e9n\u00e9ficiaires.<\/p>\n<div style=\"background: #ffffff; border-radius: 12px; box-shadow: 0 10px 30px rgba(0, 0, 0, 0.1); width: 100%; max-width: 340px; padding: 25px; transition: transform 0.3s ease-in-out; overflow: visible; display: flex; flex-direction: column; position: relative; border: 1px solid #28a745; margin-top: 70px; margin-bottom: 50px; margin-left: auto; margin-right: auto;\">\n<div style=\"position: absolute; top: -35px; right: 15px; color: #28a745; padding: 5px 10px; border-radius: 6px; font-size: 14px; font-weight: bold; display: flex; align-items: center; z-index: 10;\">Recommended for you<\/div>\n<div data-namespace-header=\"\" style=\"\">\n<h3 data-namespace-title=\"\" style=\"color: #333; font-size: 20px; font-weight: bold; text-align: left; margin-right: 50px; min-height: 50px; margin-top: 0px;\">Charg\u00e9(e) de projet<\/h3>\n<\/p><\/div>\n<p data-namespace-prompt=\"\" style=\"font-size: 16px; color: #666; margin-bottom: 20px; line-height: 1.5; flex-grow: 1; text-align: left; margin-top: 0px;\">Participez activement \u00e0 la gestion de projets vari\u00e9s au sein de l\u2019ONE, dans un environnement professionnel dynamique, valorisant votre exp\u00e9rience et vos comp\u00e9tences en pilotage transversal.<\/p>\n<p>    <a data-namespace-url=\"\" href=\"https:\/\/thecreditsfuture.com\/en\/redirect\/?https:\/\/pro.guidesocial.be\/jobs\/chargee-projet-saint-gilles.96990.html?utm_campaign=google_jobs_apply&#038;utm_source=google_jobs_apply&#038;utm_medium=organic\" style=\"width: 100%; display: inline-block; color: white; text-decoration: none; border-radius: 6px; font-size: 16px; font-weight: bold; text-align: center; transition: transform 0.3s ease, background 0.3s ease; margin-top: auto;\" data-namespace-id=\"5c0d2565-3ba9-4280-a382-ad2a691e2285\"><br \/>\n        <button style=\"width: 100%; height: 55px; background: #e9e9ed; border: 1px solid black; color: black;\">Postuler \u00e0 l&#039;offre<\/button><br \/>\n    <\/a><br \/>\n    <small style=\"margin-top: 10px; color: #777; font-size: 12px; text-align: center; display: block;\">You will be redirected to another site<\/small>\n<\/div>","protected":false},"excerpt":{"rendered":"<p>Postulez au poste de Charg\u00e9(e) de projet \u00e0 l\u2019ONE et participez \u00e0 la gestion de projets ambitieux et porteurs de sens dans le secteur associatif. Emploi en CDD, valorisez vos comp\u00e9tences !<\/p>","protected":false},"author":3,"featured_media":0,"comment_status":"open","ping_status":"open","sticky":false,"template":"","format":"standard","meta":{"_uag_custom_page_level_css":"","site-sidebar-layout":"default","site-content-layout":"","ast-site-content-layout":"","site-content-style":"default","site-sidebar-style":"default","ast-global-header-display":"","ast-banner-title-visibility":"","ast-main-header-display":"","ast-hfb-above-header-display":"","ast-hfb-below-header-display":"","ast-hfb-mobile-header-display":"","site-post-title":"","ast-breadcrumbs-content":"","ast-featured-img":"","footer-sml-layout":"","theme-transparent-header-meta":"","adv-header-id-meta":"","stick-header-meta":"","header-above-stick-meta":"","header-main-stick-meta":"","header-below-stick-meta":"","astra-migrate-meta-layouts":"default","ast-page-background-enabled":"default","ast-page-background-meta":{"desktop":{"background-color":"var(--ast-global-color-4)","background-image":"","background-repeat":"repeat","background-position":"center center","background-size":"auto","background-attachment":"scroll","background-type":"","background-media":"","overlay-type":"","overlay-color":"","overlay-opacity":"","overlay-gradient":""},"tablet":{"background-color":"","background-image":"","background-repeat":"repeat","background-position":"center center","background-size":"auto","background-attachment":"scroll","background-type":"","background-media":"","overlay-type":"","overlay-color":"","overlay-opacity":"","overlay-gradient":""},"mobile":{"background-color":"","background-image":"","background-repeat":"repeat","background-position":"center center","background-size":"auto","background-attachment":"scroll","background-type":"","background-media":"","overlay-type":"","overlay-color":"","overlay-opacity":"","overlay-gradient":""}},"ast-content-background-meta":{"desktop":{"background-color":"var(--ast-global-color-5)","background-image":"","background-repeat":"repeat","background-position":"center center","background-size":"auto","background-attachment":"scroll","background-type":"","background-media":"","overlay-type":"","overlay-color":"","overlay-opacity":"","overlay-gradient":""},"tablet":{"background-color":"var(--ast-global-color-5)","background-image":"","background-repeat":"repeat","background-position":"center center","background-size":"auto","background-attachment":"scroll","background-type":"","background-media":"","overlay-type":"","overlay-color":"","overlay-opacity":"","overlay-gradient":""},"mobile":{"background-color":"var(--ast-global-color-5)","background-image":"","background-repeat":"repeat","background-position":"center center","background-size":"auto","background-attachment":"scroll","background-type":"","background-media":"","overlay-type":"","overlay-color":"","overlay-opacity":"","overlay-gradient":""}},"footnotes":""},"categories":[9],"tags":[],"yoast_head":"<!-- This site is optimized with the Yoast SEO plugin v23.3 - https:\/\/yoast.com\/wordpress\/plugins\/seo\/ -->\n<title>Charg\u00e9(e) de projet \u00e0 l\u2019ONE : gestion, coordination et impact positif - The Credits Future<\/title>\n<meta name=\"robots\" content=\"index, follow, max-snippet:-1, max-image-preview:large, max-video-preview:-1\" \/>\n<link rel=\"canonical\" href=\"https:\/\/thecreditsfuture.com\/en\/88e494d7-075b-427e-a458-c6265f774c4b\/\" \/>\n<meta property=\"og:locale\" content=\"en_US\" \/>\n<meta property=\"og:type\" content=\"article\" \/>\n<meta property=\"og:title\" content=\"Charg\u00e9(e) de projet \u00e0 l\u2019ONE : gestion, coordination et impact positif - The Credits Future\" \/>\n<meta property=\"og:description\" content=\"Postulez au poste de Charg\u00e9(e) de projet \u00e0 l\u2019ONE et participez \u00e0 la gestion de projets ambitieux et porteurs de sens dans le secteur associatif. Emploi en CDD, valorisez vos comp\u00e9tences !\" \/>\n<meta property=\"og:url\" content=\"https:\/\/thecreditsfuture.com\/en\/88e494d7-075b-427e-a458-c6265f774c4b\/\" \/>\n<meta property=\"og:site_name\" content=\"The Credits Future\" \/>\n<meta property=\"article:published_time\" content=\"2026-04-09T21:20:00+00:00\" \/>\n<meta property=\"article:modified_time\" content=\"2026-04-09T21:20:50+00:00\" \/>\n<meta name=\"author\" content=\"Bruno Gianni\" \/>\n<meta name=\"twitter:card\" content=\"summary_large_image\" \/>\n<meta name=\"twitter:label1\" content=\"Written by\" \/>\n\t<meta name=\"twitter:data1\" content=\"Bruno Gianni\" \/>\n\t<meta name=\"twitter:label2\" content=\"Est. reading time\" \/>\n\t<meta name=\"twitter:data2\" content=\"3 minutes\" \/>\n<script type=\"application\/ld+json\" class=\"yoast-schema-graph\">{\"@context\":\"https:\/\/schema.org\",\"@graph\":[{\"@type\":\"Article\",\"@id\":\"https:\/\/thecreditsfuture.com\/88e494d7-075b-427e-a458-c6265f774c4b\/#article\",\"isPartOf\":{\"@id\":\"https:\/\/thecreditsfuture.com\/88e494d7-075b-427e-a458-c6265f774c4b\/\"},\"author\":{\"name\":\"Bruno Gianni\",\"@id\":\"https:\/\/thecreditsfuture.com\/#\/schema\/person\/d52888235fd6563bd07d97185d6a61e4\"},\"headline\":\"Charg\u00e9(e) de projet \u00e0 l\u2019ONE : gestion, coordination et impact positif\",\"datePublished\":\"2026-04-09T21:20:00+00:00\",\"dateModified\":\"2026-04-09T21:20:50+00:00\",\"mainEntityOfPage\":{\"@id\":\"https:\/\/thecreditsfuture.com\/88e494d7-075b-427e-a458-c6265f774c4b\/\"},\"wordCount\":535,\"commentCount\":0,\"publisher\":{\"@id\":\"https:\/\/thecreditsfuture.com\/#organization\"},\"articleSection\":[\"Hidden\"],\"inLanguage\":\"en-US\",\"potentialAction\":[{\"@type\":\"CommentAction\",\"name\":\"Comment\",\"target\":[\"https:\/\/thecreditsfuture.com\/88e494d7-075b-427e-a458-c6265f774c4b\/#respond\"]}]},{\"@type\":\"WebPage\",\"@id\":\"https:\/\/thecreditsfuture.com\/88e494d7-075b-427e-a458-c6265f774c4b\/\",\"url\":\"https:\/\/thecreditsfuture.com\/88e494d7-075b-427e-a458-c6265f774c4b\/\",\"name\":\"Charg\u00e9(e) de projet \u00e0 l\u2019ONE : gestion, coordination et impact positif - The Credits Future\",\"isPartOf\":{\"@id\":\"https:\/\/thecreditsfuture.com\/#website\"},\"datePublished\":\"2026-04-09T21:20:00+00:00\",\"dateModified\":\"2026-04-09T21:20:50+00:00\",\"breadcrumb\":{\"@id\":\"https:\/\/thecreditsfuture.com\/88e494d7-075b-427e-a458-c6265f774c4b\/#breadcrumb\"},\"inLanguage\":\"en-US\",\"potentialAction\":[{\"@type\":\"ReadAction\",\"target\":[\"https:\/\/thecreditsfuture.com\/88e494d7-075b-427e-a458-c6265f774c4b\/\"]}]},{\"@type\":\"BreadcrumbList\",\"@id\":\"https:\/\/thecreditsfuture.com\/88e494d7-075b-427e-a458-c6265f774c4b\/#breadcrumb\",\"itemListElement\":[{\"@type\":\"ListItem\",\"position\":1,\"name\":\"Home\",\"item\":\"https:\/\/thecreditsfuture.com\/\"},{\"@type\":\"ListItem\",\"position\":2,\"name\":\"Charg\u00e9(e) de projet \u00e0 l\u2019ONE : gestion, coordination et impact positif\"}]},{\"@type\":\"WebSite\",\"@id\":\"https:\/\/thecreditsfuture.com\/#website\",\"url\":\"https:\/\/thecreditsfuture.com\/\",\"name\":\"The Credits Future\",\"description\":\"\",\"publisher\":{\"@id\":\"https:\/\/thecreditsfuture.com\/#organization\"},\"potentialAction\":[{\"@type\":\"SearchAction\",\"target\":{\"@type\":\"EntryPoint\",\"urlTemplate\":\"https:\/\/thecreditsfuture.com\/?s={search_term_string}\"},\"query-input\":\"required name=search_term_string\"}],\"inLanguage\":\"en-US\"},{\"@type\":\"Organization\",\"@id\":\"https:\/\/thecreditsfuture.com\/#organization\",\"name\":\"The Credits Future\",\"url\":\"https:\/\/thecreditsfuture.com\/\",\"logo\":{\"@type\":\"ImageObject\",\"inLanguage\":\"en-US\",\"@id\":\"https:\/\/thecreditsfuture.com\/#\/schema\/logo\/image\/\",\"url\":\"https:\/\/thecreditsfuture.com\/wp-content\/uploads\/sites\/789\/2026\/03\/cropped-The-Credits-Future.jpg\",\"contentUrl\":\"https:\/\/thecreditsfuture.com\/wp-content\/uploads\/sites\/789\/2026\/03\/cropped-The-Credits-Future.jpg\",\"width\":512,\"height\":512,\"caption\":\"The Credits Future\"},\"image\":{\"@id\":\"https:\/\/thecreditsfuture.com\/#\/schema\/logo\/image\/\"}},{\"@type\":\"Person\",\"@id\":\"https:\/\/thecreditsfuture.com\/#\/schema\/person\/d52888235fd6563bd07d97185d6a61e4\",\"name\":\"Bruno Gianni\",\"image\":{\"@type\":\"ImageObject\",\"inLanguage\":\"en-US\",\"@id\":\"https:\/\/thecreditsfuture.com\/#\/schema\/person\/image\/\",\"url\":\"https:\/\/secure.gravatar.com\/avatar\/0f5d42d7bf77874643c1478932860e3f?s=96&d=mm&r=g\",\"contentUrl\":\"https:\/\/secure.gravatar.com\/avatar\/0f5d42d7bf77874643c1478932860e3f?s=96&d=mm&r=g\",\"caption\":\"Bruno Gianni\"},\"description\":\"Bruno writes the way he lives, with curiosity, care, and respect for people. He likes to observe, listen, and try to understand what is happening on the other side before putting any words on the page.For him, writing is not about impressing, but about getting closer. It is about turning thoughts into something simple, clear, and real. Every text is an ongoing conversation, created with care and honesty, with the sincere intention of touching someone, somewhere along the way.\",\"url\":\"https:\/\/thecreditsfuture.com\/en\/author\/bcgianni\/\"}]}<\/script>\n<!-- \/ Yoast SEO plugin. -->","yoast_head_json":{"title":"Charg\u00e9(e) de projet \u00e0 l\u2019ONE : gestion, coordination et impact positif - The Credits Future","robots":{"index":"index","follow":"follow","max-snippet":"max-snippet:-1","max-image-preview":"max-image-preview:large","max-video-preview":"max-video-preview:-1"},"canonical":"https:\/\/thecreditsfuture.com\/en\/88e494d7-075b-427e-a458-c6265f774c4b\/","og_locale":"en_US","og_type":"article","og_title":"Charg\u00e9(e) de projet \u00e0 l\u2019ONE : gestion, coordination et impact positif - The Credits Future","og_description":"Postulez au poste de Charg\u00e9(e) de projet \u00e0 l\u2019ONE et participez \u00e0 la gestion de projets ambitieux et porteurs de sens dans le secteur associatif. Emploi en CDD, valorisez vos comp\u00e9tences !","og_url":"https:\/\/thecreditsfuture.com\/en\/88e494d7-075b-427e-a458-c6265f774c4b\/","og_site_name":"The Credits Future","article_published_time":"2026-04-09T21:20:00+00:00","article_modified_time":"2026-04-09T21:20:50+00:00","author":"Bruno Gianni","twitter_card":"summary_large_image","twitter_misc":{"Written by":"Bruno Gianni","Est. reading time":"3 minutes"},"schema":{"@context":"https:\/\/schema.org","@graph":[{"@type":"Article","@id":"https:\/\/thecreditsfuture.com\/88e494d7-075b-427e-a458-c6265f774c4b\/#article","isPartOf":{"@id":"https:\/\/thecreditsfuture.com\/88e494d7-075b-427e-a458-c6265f774c4b\/"},"author":{"name":"Bruno Gianni","@id":"https:\/\/thecreditsfuture.com\/#\/schema\/person\/d52888235fd6563bd07d97185d6a61e4"},"headline":"Charg\u00e9(e) de projet \u00e0 l\u2019ONE : gestion, coordination et impact positif","datePublished":"2026-04-09T21:20:00+00:00","dateModified":"2026-04-09T21:20:50+00:00","mainEntityOfPage":{"@id":"https:\/\/thecreditsfuture.com\/88e494d7-075b-427e-a458-c6265f774c4b\/"},"wordCount":535,"commentCount":0,"publisher":{"@id":"https:\/\/thecreditsfuture.com\/#organization"},"articleSection":["Hidden"],"inLanguage":"en-US","potentialAction":[{"@type":"CommentAction","name":"Comment","target":["https:\/\/thecreditsfuture.com\/88e494d7-075b-427e-a458-c6265f774c4b\/#respond"]}]},{"@type":"WebPage","@id":"https:\/\/thecreditsfuture.com\/88e494d7-075b-427e-a458-c6265f774c4b\/","url":"https:\/\/thecreditsfuture.com\/88e494d7-075b-427e-a458-c6265f774c4b\/","name":"Charg\u00e9(e) de projet \u00e0 l\u2019ONE : gestion, coordination et impact positif - The Credits Future","isPartOf":{"@id":"https:\/\/thecreditsfuture.com\/#website"},"datePublished":"2026-04-09T21:20:00+00:00","dateModified":"2026-04-09T21:20:50+00:00","breadcrumb":{"@id":"https:\/\/thecreditsfuture.com\/88e494d7-075b-427e-a458-c6265f774c4b\/#breadcrumb"},"inLanguage":"en-US","potentialAction":[{"@type":"ReadAction","target":["https:\/\/thecreditsfuture.com\/88e494d7-075b-427e-a458-c6265f774c4b\/"]}]},{"@type":"BreadcrumbList","@id":"https:\/\/thecreditsfuture.com\/88e494d7-075b-427e-a458-c6265f774c4b\/#breadcrumb","itemListElement":[{"@type":"ListItem","position":1,"name":"Home","item":"https:\/\/thecreditsfuture.com\/"},{"@type":"ListItem","position":2,"name":"Charg\u00e9(e) de projet \u00e0 l\u2019ONE : gestion, coordination et impact positif"}]},{"@type":"WebSite","@id":"https:\/\/thecreditsfuture.com\/#website","url":"https:\/\/thecreditsfuture.com\/","name":"The Credits Future","description":"","publisher":{"@id":"https:\/\/thecreditsfuture.com\/#organization"},"potentialAction":[{"@type":"SearchAction","target":{"@type":"EntryPoint","urlTemplate":"https:\/\/thecreditsfuture.com\/?s={search_term_string}"},"query-input":"required name=search_term_string"}],"inLanguage":"en-US"},{"@type":"Organization","@id":"https:\/\/thecreditsfuture.com\/#organization","name":"The Credits Future","url":"https:\/\/thecreditsfuture.com\/","logo":{"@type":"ImageObject","inLanguage":"en-US","@id":"https:\/\/thecreditsfuture.com\/#\/schema\/logo\/image\/","url":"https:\/\/thecreditsfuture.com\/wp-content\/uploads\/sites\/789\/2026\/03\/cropped-The-Credits-Future.jpg","contentUrl":"https:\/\/thecreditsfuture.com\/wp-content\/uploads\/sites\/789\/2026\/03\/cropped-The-Credits-Future.jpg","width":512,"height":512,"caption":"The Credits Future"},"image":{"@id":"https:\/\/thecreditsfuture.com\/#\/schema\/logo\/image\/"}},{"@type":"Person","@id":"https:\/\/thecreditsfuture.com\/#\/schema\/person\/d52888235fd6563bd07d97185d6a61e4","name":"Bruno Gianni","image":{"@type":"ImageObject","inLanguage":"en-US","@id":"https:\/\/thecreditsfuture.com\/#\/schema\/person\/image\/","url":"https:\/\/secure.gravatar.com\/avatar\/0f5d42d7bf77874643c1478932860e3f?s=96&d=mm&r=g","contentUrl":"https:\/\/secure.gravatar.com\/avatar\/0f5d42d7bf77874643c1478932860e3f?s=96&d=mm&r=g","caption":"Bruno Gianni"},"description":"Bruno writes the way he lives, with curiosity, care, and respect for people. He likes to observe, listen, and try to understand what is happening on the other side before putting any words on the page.For him, writing is not about impressing, but about getting closer. It is about turning thoughts into something simple, clear, and real. Every text is an ongoing conversation, created with care and honesty, with the sincere intention of touching someone, somewhere along the way.","url":"https:\/\/thecreditsfuture.com\/en\/author\/bcgianni\/"}]}},"uagb_featured_image_src":{"full":false,"thumbnail":false,"medium":false,"medium_large":false,"large":false,"1536x1536":false,"2048x2048":false,"trp-custom-language-flag":false},"uagb_author_info":{"display_name":"Bruno Gianni","author_link":"https:\/\/thecreditsfuture.com\/en\/author\/bcgianni\/"},"uagb_comment_info":0,"uagb_excerpt":"Postulez au poste de Charg\u00e9(e) de projet \u00e0 l\u2019ONE et participez \u00e0 la gestion de projets ambitieux et porteurs de sens dans le secteur associatif. Emploi en CDD, valorisez vos comp\u00e9tences !","_links":{"self":[{"href":"https:\/\/thecreditsfuture.com\/en\/wp-json\/wp\/v2\/posts\/8866"}],"collection":[{"href":"https:\/\/thecreditsfuture.com\/en\/wp-json\/wp\/v2\/posts"}],"about":[{"href":"https:\/\/thecreditsfuture.com\/en\/wp-json\/wp\/v2\/types\/post"}],"author":[{"embeddable":true,"href":"https:\/\/thecreditsfuture.com\/en\/wp-json\/wp\/v2\/users\/3"}],"replies":[{"embeddable":true,"href":"https:\/\/thecreditsfuture.com\/en\/wp-json\/wp\/v2\/comments?post=8866"}],"version-history":[{"count":1,"href":"https:\/\/thecreditsfuture.com\/en\/wp-json\/wp\/v2\/posts\/8866\/revisions"}],"predecessor-version":[{"id":8874,"href":"https:\/\/thecreditsfuture.com\/en\/wp-json\/wp\/v2\/posts\/8866\/revisions\/8874"}],"wp:attachment":[{"href":"https:\/\/thecreditsfuture.com\/en\/wp-json\/wp\/v2\/media?parent=8866"}],"wp:term":[{"taxonomy":"category","embeddable":true,"href":"https:\/\/thecreditsfuture.com\/en\/wp-json\/wp\/v2\/categories?post=8866"},{"taxonomy":"post_tag","embeddable":true,"href":"https:\/\/thecreditsfuture.com\/en\/wp-json\/wp\/v2\/tags?post=8866"}],"curies":[{"name":"wp","href":"https:\/\/api.w.org\/{rel}","templated":true}]}}